{"id":2175,"date":"2023-03-21T23:44:15","date_gmt":"2023-03-21T22:44:15","guid":{"rendered":"https:\/\/vzcveenendaal.nl\/zwemmen\/?p=2175"},"modified":"2025-01-26T12:09:27","modified_gmt":"2025-01-26T11:09:27","slug":"wedstrijdzwemmers-vzc-succesvol-in-strijd-met-zpc-amersfoort-op-regiokampioenschappen","status":"publish","type":"post","link":"https:\/\/vzcveenendaal.nl\/zwemmen\/2023\/03\/21\/wedstrijdzwemmers-vzc-succesvol-in-strijd-met-zpc-amersfoort-op-regiokampioenschappen\/","title":{"rendered":"Wedstrijdzwemmers VZC succesvol in strijd met ZPC Amersfoort op regiokampioenschappen"},"content":{"rendered":"\n<p>VEENENDAAL&nbsp;In het Valleibad in Veenendaal vonden afgelopen weekend de regionale kampioenschappen wedstrijdzwemmen korte baan plaats. Een wedstrijd waar het vooraf vooral een strijd beloofde te worden tussen ZPC Amersfoort en VZC, waarbij ZPC Amersfoort als grotere vereniging en de huidige nummer twee in de eredivisie de favoriet was. Het was dan ook zaak voor de zwemmers van VZC om zich van hun beste kant te laten zien en de tegenstanders te verrassen met goede tijden en de wil om te winnen.<\/p>\n\n\n\n<p>In een wedstrijd waar alleen korte nummers (50 en 100 meters) en estafettes op het programma stonden, werden de onderdelen in hoog tempo achter elkaar gezwommen. Met weinig tijd tussen de verschillende onderdelen moesten de zwemmers steeds een flinke inspanning leveren en ook nog eens snel zien te herstellen om zich weer concentreren op het volgende onderdeel.&nbsp;<\/p>\n\n\n\n<p><strong>16 KEER GOUD<\/strong>&nbsp;De zwemmers van VZC hadden dat begrepen en presteerden uitstekend. Op 16 onderdelen wisten ze ZPC Amersfoort en de andere deelnemende verenigingen te verslaan en de gouden medaille te veroveren. Met daarnaast 27 zilveren en 26 bronzen plakken en nog veel meer persoonlijke records konden de VZC-zwemmers terugkijken op een geslaagd kampioenschap. ZPC Amersfoort was weliswaar nog succesvoller met 42 gouden, 33 zilveren en 32 bronzen medailles, maar de VZC\u2019ers kijken nu al vol vertrouwen uit naar de regionale kampioenschappen langebaan, die in mei in het thuisbad van ZPC Amersfoort worden gehouden.<\/p>\n\n\n\n<p>Gouden medailles waren er voor de VZC-zwemmers Bas Mostert, Caitlin S\u00fclter, Thom Delno, Elin Ditewig, Charlotte Woltjes (3x), Rijk Leenders (3x), Bridget Vermeer (2x), Juli\u00ebtte Woltjes (2x), Peer Bergman, het meisjes junioren estafetteteam bestaande uit Elin Ditewig, Catilin S\u00fclter, Chiara Lammertink en Juli\u00ebtte Woltjes.<\/p>\n\n\n\n<p><strong>SAMENGEVOEGD<\/strong>&nbsp;Zilveren medailles waren er voor de VZC-zwemmers Felix Gepkens, Wesley van Elst, Juli\u00ebtte Woltjes (2x), Bridget Vermeer, Rijk Leenders, Tess Panjer, Lasse Schrieken (5x), Thom Delno, Peer Bergman, Caitlin S\u00fclter, Charlotte Woltjes, Vivianne Woltjes, Bas Mostert, Alexandra Gepkens, Bridget Vermeer en de estafetteteams junioren gemengd, dames senioren (2x), jongens junioren (2x), heren senioren en meisjes junioren.<\/p>\n\n\n\n<p>Bronzen medailles waren er voor Peer Bergman (2x), Mathieu Gepkens (2x), Vera van der Meer (3x), Caitlin S\u00fclter (3x), Lasse Schrieken, Elin Ditewig, Charlotte Woltjes, Bridget Vermeer (2x), Bas Mostert (2x), Thom Delno, Tess Panjer (2x), Felix Gepkens, Alexandra Gepkens en de estafette teams senioren gemengd, junioren gemengd en heren (2x).<\/p>\n\n\n\n<p>Bij deze kampioenschappen werden in de categorie\u00ebn junioren 1-2, junioren 3-4 en jeugd 1-2 zwemmers van twee verschillende geboortejaren samengevoegd. ,,In veel gevallen werden de medailles door VZC-zwemmers behaald tegen oudere zwemmers wat de prestaties nog meer glans geeft. De zwemmers van VZC staan er goed voor en gaan zich nu richten op de derde competitieronde in Amsterdam op zondag 29 januari en een internationale wedstrijd in Dortmund op vrijdag 3 en zaterdag 4 februari\u201d, aldus de vereniging.&nbsp;<\/p>\n","protected":false},"excerpt":{"rendered":"<p>VEENENDAAL&nbsp;In het Valleibad in Veenendaal vonden afgelopen weekend de regionale kampioenschappen wedstrijdzwemmen korte baan plaats. Een wedstrijd waar het vooraf vooral een strijd beloofde te worden tussen ZPC Amersfoort en VZC, waarbij ZPC Amersfoort als grotere vereniging en de huidige nummer twee in de eredivisie de favoriet was. Het was dan ook zaak voor de &hellip; <a href=\"https:\/\/vzcveenendaal.nl\/zwemmen\/2023\/03\/21\/wedstrijdzwemmers-vzc-succesvol-in-strijd-met-zpc-amersfoort-op-regiokampioenschappen\/\" class=\"more-link\">Continue reading<span class=\"screen-reader-text\"> &#8220;Wedstrijdzwemmers VZC succesvol in strijd met ZPC Amersfoort op regiokampioenschappen&#8221;<\/span><\/a><\/p>\n","protected":false},"author":8,"featured_media":2176,"comment_status":"closed","ping_status":"open","sticky":false,"template":"","format":"standard","meta":{"footnotes":""},"categories":[36],"tags":[],"class_list":["post-2175","post","type-post","status-publish","format-standard","has-post-thumbnail","hentry","category-vzc-algemeen"],"_links":{"self":[{"href":"https:\/\/vzcveenendaal.nl\/zwemmen\/wp-json\/wp\/v2\/posts\/2175","targetHints":{"allow":["GET"]}}],"collection":[{"href":"https:\/\/vzcveenendaal.nl\/zwemmen\/wp-json\/wp\/v2\/posts"}],"about":[{"href":"https:\/\/vzcveenendaal.nl\/zwemmen\/wp-json\/wp\/v2\/types\/post"}],"author":[{"embeddable":true,"href":"https:\/\/vzcveenendaal.nl\/zwemmen\/wp-json\/wp\/v2\/users\/8"}],"replies":[{"embeddable":true,"href":"https:\/\/vzcveenendaal.nl\/zwemmen\/wp-json\/wp\/v2\/comments?post=2175"}],"version-history":[{"count":1,"href":"https:\/\/vzcveenendaal.nl\/zwemmen\/wp-json\/wp\/v2\/posts\/2175\/revisions"}],"predecessor-version":[{"id":2177,"href":"https:\/\/vzcveenendaal.nl\/zwemmen\/wp-json\/wp\/v2\/posts\/2175\/revisions\/2177"}],"wp:featuredmedia":[{"embeddable":true,"href":"https:\/\/vzcveenendaal.nl\/zwemmen\/wp-json\/wp\/v2\/media\/2176"}],"wp:attachment":[{"href":"https:\/\/vzcveenendaal.nl\/zwemmen\/wp-json\/wp\/v2\/media?parent=2175"}],"wp:term":[{"taxonomy":"category","embeddable":true,"href":"https:\/\/vzcveenendaal.nl\/zwemmen\/wp-json\/wp\/v2\/categories?post=2175"},{"taxonomy":"post_tag","embeddable":true,"href":"https:\/\/vzcveenendaal.nl\/zwemmen\/wp-json\/wp\/v2\/tags?post=2175"}],"curies":[{"name":"wp","href":"https:\/\/api.w.org\/{rel}","templated":true}]}}